{"id":35183,"date":"2026-04-22T08:24:58","date_gmt":"2026-04-22T06:24:58","guid":{"rendered":"https:\/\/casaplanas.org\/?p=35183"},"modified":"2026-04-23T12:02:10","modified_gmt":"2026-04-23T10:02:10","slug":"beques-de-projeccio-exterior","status":"publish","type":"post","link":"https:\/\/casaplanas.org\/cat\/beques-de-projeccio-exterior\/","title":{"rendered":"Beques de projecci\u00f3 exterior"},"content":{"rendered":"<div data-elementor-type=\"wp-post\" data-elementor-id=\"35183\" class=\"elementor elementor-35183\">\n\t\t\t\t<div class=\"elementor-element elementor-element-0294075 e-con-full e-flex e-con e-parent\" data-id=\"0294075\" data-element_type=\"container\" data-e-type=\"container\" data-settings=\"{&quot;background_background&quot;:&quot;classic&quot;}\">\n\t\t\t\t<\/div>\n\t\t<div class=\"elementor-element elementor-element-fd4944d e-con-full e-flex e-con e-parent\" data-id=\"fd4944d\" data-element_type=\"container\" data-e-type=\"container\">\n\t\t<div class=\"elementor-element elementor-element-c841ae8 e-flex e-con-boxed e-con e-child\" data-id=\"c841ae8\" data-element_type=\"container\" data-e-type=\"container\">\n\t\t\t\t\t<div class=\"e-con-inner\">\n\t\t<div class=\"elementor-element elementor-element-05b4a6f e-con-full e-flex e-con e-child\" data-id=\"05b4a6f\" data-element_type=\"container\" data-e-type=\"container\">\n\t\t\t\t<div class=\"elementor-element elementor-element-f1e682a elementor-widget elementor-widget-heading\" data-id=\"f1e682a\" data-element_type=\"widget\" data-e-type=\"widget\" data-widget_type=\"heading.default\">\n\t\t\t\t<div class=\"elementor-widget-container\">\n\t\t\t\t\t<h5 class=\"elementor-heading-title elementor-size-xl\">beques de projecci\u00f3 exterior<\/h5>\t\t\t\t<\/div>\n\t\t\t\t<\/div>\n\t\t\t\t<div class=\"elementor-element elementor-element-35baf40 elementor-widget elementor-widget-text-editor\" data-id=\"35baf40\" data-element_type=\"widget\" data-e-type=\"widget\" data-widget_type=\"text-editor.default\">\n\t\t\t\t<div class=\"elementor-widget-container\">\n\t\t\t\t\t\t\t\t\t<p><span style=\"font-weight: 400;\">Fundaci\u00f3 Casa Planas (Mallorca) i Karne Kunst (Berl\u00edn), en col\u00b7laboraci\u00f3 amb Hotel Gatrooms (Berl\u00edn) i amb el suport de l'Institut Ram\u00f3n Llull, anuncien una convocat\u00f2ria oberta dirigida a artistes i productors culturals del territori catal\u00e0 i balear per a participar en una resid\u00e8ncia internacional a Berl\u00edn.<\/span><\/p><p><span style=\"font-weight: 400;\">Aquest programa t\u00e9 com a objectiu impulsar la projecci\u00f3 exterior de la cultura catalana i balear, facilitant el desenvolupament de projectes art\u00edstics i de recerca en di\u00e0leg amb el context berlin\u00e8s, un dels principals nodes culturals d'Europa.<\/span><\/p><p><strong>A qui va dirigit:<\/strong><\/p><ul><li style=\"font-weight: 400;\" aria-level=\"1\"><span style=\"font-weight: 400;\">Artistes, investigadores\/\u00e9s, comiss\u00e0ries\/us i productores\/\u00e9s culturals<\/span><\/li><li style=\"font-weight: 400;\" aria-level=\"1\"><span style=\"font-weight: 400;\">Persones naturals o residents en el territori catal\u00e0 i balear<\/span><\/li><li style=\"font-weight: 400;\" aria-level=\"1\"><span style=\"font-weight: 400;\">Majors de 18 anys<\/span><\/li><\/ul><p><strong>Honoraris<\/strong><\/p><p data-start=\"0\" data-end=\"239\">La persona seleccionada comptar\u00e0 amb una estada a Berl\u00edn que inclou allotjament en Hotel Gat Point Charlie durant tot el per\u00edode de resid\u00e8ncia, aix\u00ed com la cobertura de les despeses de viatge. A m\u00e9s, rebr\u00e0 uns honoraris de 2.000 \u20ac.<\/p><p data-start=\"0\" data-end=\"239\"><strong>Calendari<\/strong><\/p><ul><li style=\"font-weight: 400;\" aria-level=\"1\"><b>Data l\u00edmit:<\/b><span style=\"font-weight: 400;\"> 31 maig 2026<\/span><\/li><li style=\"font-weight: 400;\" aria-level=\"1\"><b>Resoluci\u00f3:<\/b><span style=\"font-weight: 400;\"> juny 2026<\/span><\/li><li style=\"font-weight: 400;\" aria-level=\"1\"><b>Resoluci\u00f3:<\/b><span style=\"font-weight: 400;\"> 9 \u2013 23 novembre 2026<\/span><\/li><\/ul><p><strong>M\u00e9s informaci\u00f3:<\/strong><br \/><a href=\"mailto:residencias@casaplanas.org\">residencias@casaplanas.org<\/a><\/p>\t\t\t\t\t\t\t\t<\/div>\n\t\t\t\t<\/div>\n\t\t\t\t<div class=\"elementor-element elementor-element-6ba7dbd elementor-widget elementor-widget-button\" data-id=\"6ba7dbd\" data-element_type=\"widget\" data-e-type=\"widget\" data-widget_type=\"button.default\">\n\t\t\t\t<div class=\"elementor-widget-container\">\n\t\t\t\t\t\t\t\t\t<div class=\"elementor-button-wrapper\">\n\t\t\t\t\t<a class=\"elementor-button elementor-button-link elementor-size-sm\" href=\"https:\/\/casaplanas.org\/wp-content\/uploads\/2026\/04\/OPEN-CALL-_-BEQUES-DE-PROYECCIO-EXTERIOR-1.pdf\">\n\t\t\t\t\t\t<span class=\"elementor-button-content-wrapper\">\n\t\t\t\t\t\t\t\t\t<span class=\"elementor-button-text\">CONSULTAR BASES<\/span>\n\t\t\t\t\t<\/span>\n\t\t\t\t\t<\/a>\n\t\t\t\t<\/div>\n\t\t\t\t\t\t\t\t<\/div>\n\t\t\t\t<\/div>\n\t\t\t\t<\/div>\n\t\t<div class=\"elementor-element elementor-element-d34e6ba e-con-full e-flex e-con e-child\" data-id=\"d34e6ba\" data-element_type=\"container\" data-e-type=\"container\">\n\t\t<div class=\"elementor-element elementor-element-98c8c8d e-flex e-con-boxed e-con e-child\" data-id=\"98c8c8d\" data-element_type=\"container\" data-e-type=\"container\">\n\t\t\t\t\t<div class=\"e-con-inner\">\n\t\t\t\t<div class=\"elementor-element elementor-element-61152e9 elementor-widget elementor-widget-image\" data-id=\"61152e9\" data-element_type=\"widget\" data-e-type=\"widget\" data-widget_type=\"image.default\">\n\t\t\t\t<div class=\"elementor-widget-container\">\n\t\t\t\t\t\t\t\t\t\t\t\t\t\t\t<img fetchpriority=\"high\" decoding=\"async\" width=\"819\" height=\"1024\" src=\"https:\/\/casaplanas.org\/wp-content\/uploads\/2026\/04\/KARNE-KUNST3-819x1024.jpg\" class=\"attachment-large size-large wp-image-35197\" alt=\"\" srcset=\"https:\/\/casaplanas.org\/wp-content\/uploads\/2026\/04\/KARNE-KUNST3-819x1024.jpg 819w, https:\/\/casaplanas.org\/wp-content\/uploads\/2026\/04\/KARNE-KUNST3-240x300.jpg 240w, https:\/\/casaplanas.org\/wp-content\/uploads\/2026\/04\/KARNE-KUNST3-768x960.jpg 768w, https:\/\/casaplanas.org\/wp-content\/uploads\/2026\/04\/KARNE-KUNST3-1229x1536.jpg 1229w, https:\/\/casaplanas.org\/wp-content\/uploads\/2026\/04\/KARNE-KUNST3-1638x2048.jpg 1638w, https:\/\/casaplanas.org\/wp-content\/uploads\/2026\/04\/KARNE-KUNST3-10x12.jpg 10w, https:\/\/casaplanas.org\/wp-content\/uploads\/2026\/04\/KARNE-KUNST3-scaled.jpg 2048w\" sizes=\"(max-width: 819px) 100vw, 819px\" \/>\t\t\t\t\t\t\t\t\t\t\t\t\t\t\t<\/div>\n\t\t\t\t<\/div>\n\t\t\t\t\t<\/div>\n\t\t\t\t<\/div>\n\t\t<div class=\"elementor-element elementor-element-ccac6f7 e-con-full e-flex e-con e-child\" data-id=\"ccac6f7\" data-element_type=\"container\" data-e-type=\"container\">\n\t\t\t\t<div class=\"elementor-element elementor-element-b96ae5e elementor-mobile-align-center elementor-widget elementor-widget-button\" data-id=\"b96ae5e\" data-element_type=\"widget\" data-e-type=\"widget\" data-widget_type=\"button.default\">\n\t\t\t\t<div class=\"elementor-widget-container\">\n\t\t\t\t\t\t\t\t\t<div class=\"elementor-button-wrapper\">\n\t\t\t\t\t<a class=\"elementor-button elementor-button-link elementor-size-sm\" href=\"https:\/\/casaplanas.org\/wp-content\/uploads\/2026\/04\/OPEN-CALL-_-BEQUES-DE-PROYECCIO-EXTERIOR-1.pdf\">\n\t\t\t\t\t\t<span class=\"elementor-button-content-wrapper\">\n\t\t\t\t\t\t\t\t\t<span class=\"elementor-button-text\">BASES (PDF)<\/span>\n\t\t\t\t\t<\/span>\n\t\t\t\t\t<\/a>\n\t\t\t\t<\/div>\n\t\t\t\t\t\t\t\t<\/div>\n\t\t\t\t<\/div>\n\t\t\t\t<\/div>\n\t\t\t\t<\/div>\n\t\t\t\t\t<\/div>\n\t\t\t\t<\/div>\n\t\t\t\t<\/div>\n\t\t\t\t<\/div>","protected":false},"excerpt":{"rendered":"<p>becas de proyecci\u00f3n exterior Fundaci\u00f3n Casa Planas (Mallorca) y Karne Kunst (Berl\u00edn), en colaboraci\u00f3n con Hotel Gatrooms (Berl\u00edn) y con el apoyo del Instituto Ram\u00f3n Llull, anuncian una convocatoria abierta dirigida a artistas y productores culturales del territorio catal\u00e1n y balear para participar en una residencia internacional en Berl\u00edn. Este programa tiene como objetivo impulsar [&hellip;]<\/p>\n","protected":false},"author":2,"featured_media":35184,"comment_status":"open","ping_status":"closed","sticky":false,"template":"elementor_header_footer","format":"standard","meta":{"site-sidebar-layout":"default","site-content-layout":"","ast-site-content-layout":"default","site-content-style":"default","site-sidebar-style":"default","ast-global-header-display":"","ast-banner-title-visibility":"","ast-main-header-display":"","ast-hfb-above-header-display":"","ast-hfb-below-header-display":"","ast-hfb-mobile-header-display":"","site-post-title":"","ast-breadcrumbs-content":"","ast-featured-img":"","footer-sml-layout":"","ast-disable-related-posts":"","theme-transparent-header-meta":"","adv-header-id-meta":"","stick-header-meta":"","header-above-stick-meta":"","header-main-stick-meta":"","header-below-stick-meta":"","astra-migrate-meta-layouts":"set","ast-page-background-enabled":"default","ast-page-background-meta":{"desktop":{"background-color":"","background-image":"","background-repeat":"repeat","background-position":"center center","background-size":"auto","background-attachment":"scroll","background-type":"","background-media":"","overlay-type":"","overlay-color":"","overlay-opacity":"","overlay-gradient":""},"tablet":{"background-color":"","background-image":"","background-repeat":"repeat","background-position":"center center","background-size":"auto","background-attachment":"scroll","background-type":"","background-media":"","overlay-type":"","overlay-color":"","overlay-opacity":"","overlay-gradient":""},"mobile":{"background-color":"","background-image":"","background-repeat":"repeat","background-position":"center center","background-size":"auto","background-attachment":"scroll","background-type":"","background-media":"","overlay-type":"","overlay-color":"","overlay-opacity":"","overlay-gradient":""}},"ast-content-background-meta":{"desktop":{"background-color":"var(--ast-global-color-5)","background-image":"","background-repeat":"repeat","background-position":"center center","background-size":"auto","background-attachment":"scroll","background-type":"","background-media":"","overlay-type":"","overlay-color":"","overlay-opacity":"","overlay-gradient":""},"tablet":{"background-color":"var(--ast-global-color-5)","background-image":"","background-repeat":"repeat","background-position":"center center","background-size":"auto","background-attachment":"scroll","background-type":"","background-media":"","overlay-type":"","overlay-color":"","overlay-opacity":"","overlay-gradient":""},"mobile":{"background-color":"var(--ast-global-color-5)","background-image":"","background-repeat":"repeat","background-position":"center center","background-size":"auto","background-attachment":"scroll","background-type":"","background-media":"","overlay-type":"","overlay-color":"","overlay-opacity":"","overlay-gradient":""}},"_jetpack_memberships_contains_paid_content":false,"footnotes":""},"categories":[16],"tags":[],"class_list":["post-35183","post","type-post","status-publish","format-standard","has-post-thumbnail","hentry","category-convocatorias"],"jetpack_featured_media_url":"https:\/\/casaplanas.org\/wp-content\/uploads\/2026\/04\/32-COSTA_01-23_web-scaled.jpg","jetpack_sharing_enabled":true,"_links":{"self":[{"href":"https:\/\/casaplanas.org\/cat\/wp-json\/wp\/v2\/posts\/35183","targetHints":{"allow":["GET"]}}],"collection":[{"href":"https:\/\/casaplanas.org\/cat\/wp-json\/wp\/v2\/posts"}],"about":[{"href":"https:\/\/casaplanas.org\/cat\/wp-json\/wp\/v2\/types\/post"}],"author":[{"embeddable":true,"href":"https:\/\/casaplanas.org\/cat\/wp-json\/wp\/v2\/users\/2"}],"replies":[{"embeddable":true,"href":"https:\/\/casaplanas.org\/cat\/wp-json\/wp\/v2\/comments?post=35183"}],"version-history":[{"count":12,"href":"https:\/\/casaplanas.org\/cat\/wp-json\/wp\/v2\/posts\/35183\/revisions"}],"predecessor-version":[{"id":35209,"href":"https:\/\/casaplanas.org\/cat\/wp-json\/wp\/v2\/posts\/35183\/revisions\/35209"}],"wp:featuredmedia":[{"embeddable":true,"href":"https:\/\/casaplanas.org\/cat\/wp-json\/wp\/v2\/media\/35184"}],"wp:attachment":[{"href":"https:\/\/casaplanas.org\/cat\/wp-json\/wp\/v2\/media?parent=35183"}],"wp:term":[{"taxonomy":"category","embeddable":true,"href":"https:\/\/casaplanas.org\/cat\/wp-json\/wp\/v2\/categories?post=35183"},{"taxonomy":"post_tag","embeddable":true,"href":"https:\/\/casaplanas.org\/cat\/wp-json\/wp\/v2\/tags?post=35183"}],"curies":[{"name":"wp","href":"https:\/\/api.w.org\/{rel}","templated":true}]}}